{"id":201,"date":"2022-02-27T19:17:34","date_gmt":"2022-02-27T18:17:34","guid":{"rendered":"https:\/\/lukasvet.cz\/?p=201"},"modified":"2023-01-31T02:06:04","modified_gmt":"2023-01-31T01:06:04","slug":"3-pomozte-ukrajine","status":"publish","type":"post","link":"https:\/\/lukasvet.cz\/?p=201","title":{"rendered":"#3 Pomozte Ukrajin\u011b"},"content":{"rendered":"\n<p>Sice jsem p\u0159es 8 000 km od sv\u00e9 zem\u011b a Evropy. Ale i kdybych st\u00e1l na sam\u00e9m m\u011bs\u00edci, srdcem i du\u0161\u00ed bych pr\u00e1v\u011b te\u010f byl v Ukrajin\u011b. S hr\u016fzou pozoruju zpr\u00e1vy a d\u00edky technologi\u00edm od toho odst\u0159i\u017een\u00fd nejsem. Naopak. Dokud se situace neuklidn\u00ed, p\u0159ep\u00edn\u00e1m do jin\u00e9ho re\u017eimu. Zlu ustupovat nelze. A co m\u011b se t\u00fdk\u00e1, jedeme v tom spole\u010dn\u011b (nen\u00ed to jen o Ukrajin\u011b).<\/p>\n\n\n\n<p><\/p>\n\n\n\n<h2 class=\"wp-block-heading\">Pomozte Ukrajin\u011b<\/h2>\n\n\n\n<p><br>Pokud si p\u0159ipad\u00e1te bezcmocn\u00ed, je tu \u0159ada v\u011bc\u00ed, kter\u00e9 se daj\u00ed d\u011blat \u2013 finan\u010dn\u00ed a materi\u00e1ln\u00ed podpora uprchl\u00edk\u016f, Ukrajinsk\u00e9 arm\u00e1dy, vyv\u011b\u0161en\u00ed vlajky, cokoliv, \u010d\u00edm upozorn\u00edte na prob\u00edhaj\u00edc\u00ed konflikt. T\u00fdk\u00e1 se n\u00e1s v\u0161ech a budoucnosti cel\u00e9ho sv\u011bta. N\u00ed\u017ee p\u0159ikl\u00e1d\u00e1m ov\u011b\u0159en\u00e9 zdroje. <\/p>\n\n\n\n<p><strong>Kde a jak pomoci:<\/strong><\/p>\n\n\n\n<ul class=\"wp-block-list\"><li>\ud83c\uddfa\ud83c\udde6  <a rel=\"noreferrer noopener\" href=\"https:\/\/www.stojimezaukrajinou.cz\/\" target=\"_blank\">https:\/\/www.stojimezaukrajinou.cz\/<\/a> \u2013 hlavn\u00ed rozcestn\u00edk pomoci v konkr\u00e9tn\u00edch oblastech<\/li><li>\ud83d\ude91  \u010clov\u011bk v t\u00edsni \u2013 <a rel=\"noreferrer noopener\" href=\"https:\/\/www.clovekvtisni.cz\/co-delame\/humanitarni-a-rozvojova-pomoc\/ukrajina\" target=\"_blank\">https:\/\/www.clovekvtisni.cz\/co-delame\/humanitarni-a-rozvojova-pomoc\/ukrajina<\/a><\/li><li>\ud83d\udd4a  Sb\u00edrka Arm\u00e1dy sp\u00e1sy \u2013 <a rel=\"noreferrer noopener\" href=\"https:\/\/www.darujme.cz\/projekt\/1205953\" target=\"_blank\">https:\/\/www.darujme.cz\/projekt\/1205953<\/a><\/li><li>\ud83d\udd0e  \u010cl\u00e1nek na seznam s vysv\u011btlen\u00edm, jak\u00e1 pomoc se hod\u00ed a pro\u010d \u2013 <a rel=\"noreferrer noopener\" href=\"https:\/\/www.seznamzpravy.cz\/clanek\/domaci-zivot-v-cesku-prehledne-jak-efektivne-pomoci-ukrajine-a-co-naopak-nedelat-190484\" target=\"_blank\">https:\/\/www.seznamzpravy.cz\/clanek\/domaci-zivot-v-cesku-prehledne-jak-efektivne-pomoci-ukrajine-a-co-naopak-nedelat-190484<\/a><\/li><li>\ud83d\udce1  Pro podporu report\u00e9r\u016f m\u00ed\u0159\u00edc\u00edch na ukrajinu \u2013 <a rel=\"noreferrer noopener\" href=\"https:\/\/www.darujme.cz\/\" target=\"_blank\">https:\/\/www.darujme.cz\/<\/a><\/li><\/ul>\n\n\n\n<p><strong>Kde sledovat nejaktu\u00e1ln\u011bj\u0161\u00ed d\u011bn\u00ed:<\/strong><\/p>\n\n\n\n<ul class=\"wp-block-list\"><li>Twitter kan\u00e1ly: NEXTA, Televize Seznam, Filip Hork\u00fd, Heyfomo.cz, P_fiala, <\/li><li>Zpravodajstv\u00ed:<ul><li>CNN \u2013 <a href=\"https:\/\/edition.cnn.com\/\" target=\"_blank\" rel=\"noreferrer noopener\">https:\/\/edition.cnn.com\/<\/a><\/li><li>BBC \u2013 <a href=\"https:\/\/www.bbc.com\/news\" target=\"_blank\" rel=\"noreferrer noopener\">https:\/\/www.bbc.com\/news<\/a><\/li><li>CBC \u2013 <a href=\"https:\/\/www.cbc.ca\/\" target=\"_blank\" rel=\"noreferrer noopener\">https:\/\/www.cbc.ca\/<\/a><\/li><li>\u010cesk\u00e1 televize \u2013 <a href=\"https:\/\/ct24.ceskatelevize.cz\/specialy\/3432412-rusko-ukrajinsky-konflikt\" target=\"_blank\" rel=\"noreferrer noopener\">https:\/\/ct24.ceskatelevize.cz\/specialy\/3432412-rusko-ukrajinsky-konflikt<\/a><\/li><li>The Guardian \u2013 <a href=\"https:\/\/www.theguardian.com\/world\/live\/2022\/feb\/27\/russia-ukraine-latest-news-missile-strikes-on-oil-facilities-reported-as-some-russian-banks-cut-off-from-swift-system-live\" target=\"_blank\" rel=\"noreferrer noopener\">https:\/\/www.theguardian.com\/world\/live\/2022\/feb\/27\/russia-ukraine-latest-news-missile-strikes-on-oil-facilities-reported-as-some-russian-banks-cut-off-from-swift-system-live<\/a><\/li><\/ul><\/li><\/ul>\n\n\n\n<p>D\u00e1vejte si VELK\u00dd pozor na tzv. Fake News a informace ov\u011b\u0159ujte. L\u00edt\u00e1 toho v prostoru opravdu hodn\u011b a je snadn\u00e9 se emocemi nechat ovl\u00e1dnout. Proto se d\u00edvejte do koment\u00e1\u0159\u016f pod p\u0159\u00edsp\u011bvky (i kdy\u017e je to n\u011bkdy \u0161\u00edlen\u00e9).<\/p>\n\n\n\n<p><strong>Kybernetika:<\/strong><\/p>\n\n\n\n<p>Nen\u00ed to moc, ale pokud chcete vracet \u00fader a v\u00edte o hakov\u00e1n\u00ed prd, poj\u010fte alespo\u0148 zat\u00ed\u017eit Rusk\u00e9 dezinforma\u010dn\u00ed weby opakovan\u00fdmi po\u017eadavky z va\u0161eho porhl\u00ed\u017ee\u010de. Sta\u010d\u00ed si otev\u0159\u00edt <a rel=\"noreferrer noopener\" href=\"https:\/\/kuzelovi.cz\/FuckPutin.html\" data-type=\"URL\" data-id=\"https:\/\/kuzelovi.cz\/FuckPutin.html\" target=\"_blank\">tuto str\u00e1nku<\/a> a nechat ji b\u011b\u017eet (s\u00e1m to m\u00e1m zapnut\u00e9 u\u017e asi den na notebooku i mobilu).  <\/p>\n\n\n\n<p><\/p>\n\n\n\n<blockquote class=\"wp-block-quote is-layout-flow wp-block-quote-is-layout-flow\"><p>DOPLN\u011aN\u00cd AUTORA STR\u00c1NKY: Pros\u00edm v\u00e1s, p\u0159\u00e1tel\u00e9, nepodl\u00e9hejte opojn\u00e9 p\u0159edstav\u011b, \u017ee pot\u00e9, co si tuto str\u00e1nku spust\u00edte, za\u010dne se z c\u00edlov\u00fdch server\u016f kou\u0159it a Putin se po\u010dne kroutit jak pod kletbou Cruciatus. Obrana proti tomuto trivi\u00e1ln\u00edmu \u00fatoku je tak\u00e9 pom\u011brn\u011b trivi\u00e1ln\u00ed. Nicm\u00e9n\u011b vy\u017eaduje ud\u011blat n\u011bjakou akci. A \u010d\u00edm v\u00edc lid\u00ed tuhle str\u00e1nku otev\u0159e, t\u00edm v\u00edc akc\u00ed bude pot\u0159eba (i kdy\u017e ne p\u0159\u00edmo \u00fam\u011brn\u011b). Str\u00e1nka ned\u011bl\u00e1 nic jin\u00e9ho, ne\u017e \u017ee z va\u0161eho prohl\u00ed\u017ee\u010de opakovan\u011b pos\u00edl\u00e1 dotazy na weby v seznamu (proto se nemus\u00ed l\u00edbit antivir\u016fm), kter\u00e9 tak mus\u00ed odpov\u00eddat (za p\u0159edpokladu, \u017ee dotaz nen\u00ed odchycen n\u011bjak\u00fdm \u201eprotifiltrem\u201c po cest\u011b a dostane se na server), co\u017e je zat\u011b\u017euje. <\/p><\/blockquote>\n\n\n\n<p>Velmi kr\u00e1tce k d\u011bn\u00ed ohledn\u011b v Canmore. Kdo situaci sleduje jsou hlavn\u011b cizinci, jako j\u00e1. Ve zpr\u00e1v\u00e1ch o tom n\u011bjak\u00e9 zm\u00ednky jsou, ale zas tolik se tu t\u00edm ne\u017eije (ani mezi \u010dechy, co tu sleduju). Vlajku jsem tu bohu\u017eel Ukrajinskou \u017e\u00e1dnou nevid\u011bl, tak jsem si jednu ud\u011blal z m\u00e9ho \u017elut\u00e9ho tri\u010dka a modr\u00e9ho podsed\u00e1ku :D. Ale t\u0159eba v Calgary a v\u011bt\u0161\u00edch m\u011bstech se lid\u00e9 na podporu tak\u00e9 sh\u00e1zej\u00ed. Postup Kanadsk\u00e9 vl\u00e1dy je za m\u011b pom\u011brn\u011b rychl\u00fd a v\u011bcn\u00fd. Kanada se p\u0159ipojila ke st\u00e1t\u016fm, co blokuj\u00ed sv\u016fj vzdu\u0161n\u00fd prostor rusk\u00fdm letadl\u016fm a jako jedna z prvn\u00edch poskytla Ukrain\u011b vojenskou v\u00fdbavu. Hodn\u011b vysv\u011btluji o na\u0161\u00ed historii a odpov\u00edd\u00e1m na dotazy Kana\u010fan\u016fm, kter\u00e9 to tu zaj\u00edm\u00e1. <\/p>\n\n\n\n<p><\/p>\n\n\n\n<p><strong>Co m\u011b h\u0159eje u srdce:<\/strong> \u2764\ufe0f<\/p>\n\n\n\n<ul class=\"wp-block-list\"><li>\ud83c\udde8\ud83c\uddff <strong>Vlna solidarity a m\u00edra ochoty \u010cech\u016f pom\u00e1hat Ukrajinc\u016fm<\/strong>, zaji\u0161tov\u00e1n\u00ed jim ubytov\u00e1n\u00ed (vzpome\u0148te na Pitomia Okamuru a jeho stra\u0161en\u00ed o uprchl\u00edc\u00edch p\u0159ed rokem)<\/li><li>\ud83e\udd1d <strong>Jednotn\u00fd postoj na\u0161\u00ed vl\u00e1dy, sen\u00e1tu a dokonce i prezidenta<\/strong> \u2013 hlavn\u011b pr\u00e1ce Jana Lipavsk\u00e9ho a P. Fialy (nedok\u00e1\u017ei si p\u0159edstavit v tuto chv\u00edli jin\u00e9ho \u010dlov\u011bka na jeho m\u00edst\u011b)<\/li><li>\ud83c\udf0d <strong>Rozjezd podpory a sjednocuj\u00edc\u00ed tendence v postupech a sankc\u00edch nap\u0159\u00ed\u010d v\u0161emi Evropsk\u00fdmi st\u00e1ty a NATO<\/strong> \u2013 hodn\u011b jsem se b\u00e1l, \u017ee se nikdo nedomluv\u00ed na ni\u010dem<\/li><li>\ud83c\uddfa\ud83c\udde6 <strong>Neskute\u010dn\u00fd postoj Ukrajinsk\u00e9ho prezidenta<\/strong> a vlastn\u011b ka\u017ed\u00e9ho, kdo tam nyn\u00ed je (n\u011bkter\u00e9 nahr\u00e1vky jsou opravdu neskute\u010dn\u00e9, jako nahr\u00e1vat video ob\u010dan\u016fm v nepr\u016fst\u0159eln\u00e9 vest\u011b v Kyiev\u011b to chce koule)<\/li><li>B\u011bhem 1 dne jsem se dok\u00e1zal nau\u010dit celkem dost obstojn\u011b Geografii Ukrajiny v\u010detn\u011b rozm\u00edstn\u011bn\u00ed v\u0161ech v\u011bt\u0161\u00edch m\u011bst.<\/li><\/ul>\n\n\n\n<p>Po velmi dlouh\u00e9 dob\u011b jsem opravdu py\u0161n\u00fd na svoji zemi.<\/p>\n\n\n\n<p><strong>Co m\u011b roz\u010diluje a z \u010deho je mi smutno:<\/strong> \ud83e\udd2c \ud83d\ude41<\/p>\n\n\n\n<ul class=\"wp-block-list\"><li>Trp\u00ed hlavn\u011b ti, co za nic nem\u016f\u017eou<\/li><li>V Rusku funguje\/zafungovala tvrd\u00e1 propaganda policejn\u00edho st\u00e1tu, kter\u00fd Putin min. 22 let sv\u00e9 vl\u00e1dy buduje (a nejen v Rusku&#8230;)<\/li><li>M\u00e1m n\u011bkolik Rusk\u00fdch p\u0159\u00e1tel a i na n\u011b se sn\u00e1\u0161\u00ed ten hn\u011bv, p\u0159itom jsou sami proti tomu, co se d\u011bje<\/li><li>Tvrd\u00e9 potla\u010dov\u00e1n\u00ed protest\u016f v Minsku (Lukashenko) a Rusk\u00fdch m\u011bstech<\/li><li>Vyhro\u017eov\u00e1n\u00ed Jadern\u00fdmi zbran\u011bmi zem\u00ed, kde je u moci \u010dlov\u011bk, u kte\u00e9rho nev\u00edme, co ud\u011bl\u00e1<\/li><li>Velk\u00e9 zklam\u00e1n\u00ed z v\u00fdsledk\u016f jedn\u00e1n\u00ed OSN<\/li><li>a mnoh\u00e9 dal\u0161\u00ed&#8230;<\/li><\/ul>\n\n\n\n<p><\/p>\n\n\n\n<p><strong>St\u0159\u00edpky na odreagov\u00e1n\u00ed a pobaven\u00ed (je to pot\u0159eba, bohu\u017eel nen\u00ed v \u010de\u0161tin\u011b tolik zat\u00edm):<\/strong><\/p>\n\n\n\n<figure class=\"wp-block-gallery has-nested-images columns-5 wp-block-gallery-1 is-layout-flex wp-block-gallery-is-layout-flex\">\n<figure class=\"wp-block-image size-large\"><a href=\"https:\/\/lukasvet.cz\/?attachment_id=212\" target=\"_blank\" rel=\"noopener\"><img loading=\"lazy\" decoding=\"async\" width=\"461\" height=\"1024\" data-id=\"212\" src=\"https:\/\/lukasvet.cz\/wp-content\/uploads\/2022\/02\/IMG_6676-461x1024.jpg\" alt=\"\" class=\"wp-image-212\"\/><\/a><\/figure>\n\n\n\n<figure class=\"wp-block-image size-large\"><a href=\"https:\/\/lukasvet.cz\/?attachment_id=213\" target=\"_blank\" rel=\"noopener\"><img loading=\"lazy\" decoding=\"async\" width=\"360\" height=\"360\" data-id=\"213\" src=\"https:\/\/lukasvet.cz\/wp-content\/uploads\/2022\/02\/IMG_6677.jpg\" alt=\"\" class=\"wp-image-213\" srcset=\"https:\/\/lukasvet.cz\/wp-content\/uploads\/2022\/02\/IMG_6677.jpg 360w, https:\/\/lukasvet.cz\/wp-content\/uploads\/2022\/02\/IMG_6677-300x300.jpg 300w, https:\/\/lukasvet.cz\/wp-content\/uploads\/2022\/02\/IMG_6677-150x150.jpg 150w\" sizes=\"auto, (max-width: 360px) 100vw, 360px\" \/><\/a><\/figure>\n\n\n\n<figure class=\"wp-block-image size-large\"><a href=\"https:\/\/lukasvet.cz\/?attachment_id=214\" target=\"_blank\" rel=\"noopener\"><img loading=\"lazy\" decoding=\"async\" width=\"360\" height=\"287\" data-id=\"214\" src=\"https:\/\/lukasvet.cz\/wp-content\/uploads\/2022\/02\/IMG_6678.jpg\" alt=\"\" class=\"wp-image-214\" srcset=\"https:\/\/lukasvet.cz\/wp-content\/uploads\/2022\/02\/IMG_6678.jpg 360w, https:\/\/lukasvet.cz\/wp-content\/uploads\/2022\/02\/IMG_6678-300x239.jpg 300w\" sizes=\"auto, (max-width: 360px) 100vw, 360px\" \/><\/a><\/figure>\n\n\n\n<figure class=\"wp-block-image size-large\"><a href=\"https:\/\/lukasvet.cz\/?attachment_id=216\" target=\"_blank\" rel=\"noopener\"><img loading=\"lazy\" decoding=\"async\" width=\"922\" height=\"633\" data-id=\"216\" src=\"https:\/\/lukasvet.cz\/wp-content\/uploads\/2022\/02\/Ukraine_tweet-x633.webp\" alt=\"\" class=\"wp-image-216\" srcset=\"https:\/\/lukasvet.cz\/wp-content\/uploads\/2022\/02\/Ukraine_tweet-x633.webp 922w, https:\/\/lukasvet.cz\/wp-content\/uploads\/2022\/02\/Ukraine_tweet-x633-480x330.webp 480w\" sizes=\"auto, (min-width: 0px) and (max-width: 480px) 480px, (min-width: 481px) 922px, 100vw\" \/><\/a><\/figure>\n\n\n\n<figure class=\"wp-block-image size-large\"><a href=\"https:\/\/lukasvet.cz\/?attachment_id=218\" target=\"_blank\" rel=\"noopener\"><img loading=\"lazy\" decoding=\"async\" width=\"512\" height=\"680\" data-id=\"218\" src=\"https:\/\/lukasvet.cz\/wp-content\/uploads\/2022\/02\/IMG_6694.png\" alt=\"\" class=\"wp-image-218\" srcset=\"https:\/\/lukasvet.cz\/wp-content\/uploads\/2022\/02\/IMG_6694.png 512w, https:\/\/lukasvet.cz\/wp-content\/uploads\/2022\/02\/IMG_6694-480x638.png 480w\" sizes=\"auto, (min-width: 0px) and (max-width: 480px) 480px, (min-width: 481px) 512px, 100vw\" \/><\/a><\/figure>\n\n\n\n<figure class=\"wp-block-image size-large\"><a href=\"https:\/\/lukasvet.cz\/?attachment_id=252\" target=\"_blank\" rel=\"noopener\"><img loading=\"lazy\" decoding=\"async\" width=\"221\" height=\"228\" data-id=\"252\" src=\"https:\/\/lukasvet.cz\/wp-content\/uploads\/2022\/02\/images.jpeg\" alt=\"\" class=\"wp-image-252\"\/><\/a><\/figure>\n\n\n\n<figure class=\"wp-block-image size-large\"><a href=\"https:\/\/lukasvet.cz\/?attachment_id=251\" target=\"_blank\" rel=\"noopener\"><img loading=\"lazy\" decoding=\"async\" width=\"633\" height=\"438\" data-id=\"251\" src=\"https:\/\/lukasvet.cz\/wp-content\/uploads\/2022\/02\/russia-ukraine-memes.png\" alt=\"\" class=\"wp-image-251\" srcset=\"https:\/\/lukasvet.cz\/wp-content\/uploads\/2022\/02\/russia-ukraine-memes.png 633w, https:\/\/lukasvet.cz\/wp-content\/uploads\/2022\/02\/russia-ukraine-memes-480x332.png 480w\" sizes=\"auto, (min-width: 0px) and (max-width: 480px) 480px, (min-width: 481px) 633px, 100vw\" \/><\/a><\/figure>\n<\/figure>\n\n\n\n<p><\/p>\n\n\n\n<p><strong>&#8212;&#8212; KONEC P\u0158\u00cdSP\u011aVKU (Tento \u010dl\u00e1nek aktualizuji) &#8212;&#8212;<\/strong><\/p>\n","protected":false},"excerpt":{"rendered":"<p>Sice jsem p\u0159es 8 000 km od sv\u00e9 zem\u011b a Evropy. Ale i kdybych st\u00e1l na sam\u00e9m m\u011bs\u00edci, srdcem i du\u0161\u00ed bych pr\u00e1v\u011b te\u010f byl v Ukrajin\u011b. S hr\u016fzou pozoruju zpr\u00e1vy a d\u00edky technologi\u00edm od toho odst\u0159i\u017een\u00fd nejsem. Naopak. Dokud se situace neuklidn\u00ed, p\u0159ep\u00edn\u00e1m do jin\u00e9ho re\u017eimu. Zlu ustupovat nelze. A co m\u011b se t\u00fdk\u00e1, [&hellip;]<\/p>\n","protected":false},"author":1,"featured_media":203,"comment_status":"closed","ping_status":"open","sticky":true,"template":"","format":"standard","meta":{"_et_pb_use_builder":"off","_et_pb_old_content":"","_et_gb_content_width":"","footnotes":""},"categories":[1],"tags":[],"class_list":["post-201","post","type-post","status-publish","format-standard","has-post-thumbnail","hentry","category-nezarazene"],"_links":{"self":[{"href":"https:\/\/lukasvet.cz\/index.php?rest_route=\/wp\/v2\/posts\/201","targetHints":{"allow":["GET"]}}],"collection":[{"href":"https:\/\/lukasvet.cz\/index.php?rest_route=\/wp\/v2\/posts"}],"about":[{"href":"https:\/\/lukasvet.cz\/index.php?rest_route=\/wp\/v2\/types\/post"}],"author":[{"embeddable":true,"href":"https:\/\/lukasvet.cz\/index.php?rest_route=\/wp\/v2\/users\/1"}],"replies":[{"embeddable":true,"href":"https:\/\/lukasvet.cz\/index.php?rest_route=%2Fwp%2Fv2%2Fcomments&post=201"}],"version-history":[{"count":35,"href":"https:\/\/lukasvet.cz\/index.php?rest_route=\/wp\/v2\/posts\/201\/revisions"}],"predecessor-version":[{"id":273,"href":"https:\/\/lukasvet.cz\/index.php?rest_route=\/wp\/v2\/posts\/201\/revisions\/273"}],"wp:featuredmedia":[{"embeddable":true,"href":"https:\/\/lukasvet.cz\/index.php?rest_route=\/wp\/v2\/media\/203"}],"wp:attachment":[{"href":"https:\/\/lukasvet.cz\/index.php?rest_route=%2Fwp%2Fv2%2Fmedia&parent=201"}],"wp:term":[{"taxonomy":"category","embeddable":true,"href":"https:\/\/lukasvet.cz\/index.php?rest_route=%2Fwp%2Fv2%2Fcategories&post=201"},{"taxonomy":"post_tag","embeddable":true,"href":"https:\/\/lukasvet.cz\/index.php?rest_route=%2Fwp%2Fv2%2Ftags&post=201"}],"curies":[{"name":"wp","href":"https:\/\/api.w.org\/{rel}","templated":true}]}}